{"id":1462,"date":"2017-10-18T15:53:04","date_gmt":"2017-10-18T14:53:04","guid":{"rendered":"http:\/\/chalezeule.fr\/?p=1462"},"modified":"2017-10-18T16:00:43","modified_gmt":"2017-10-18T15:00:43","slug":"voyage-a-vevey-30092017","status":"publish","type":"post","link":"https:\/\/chalezeule.fr\/index.php\/2017\/10\/18\/voyage-a-vevey-30092017\/","title":{"rendered":"Voyage \u00e0 Vevey &#8211; 30\/09\/2017"},"content":{"rendered":"<h4><span style=\"color: #3782c1;\"><em><span style=\"font-family: Helvetica;\">Les \u00ab\u00a0amis de la biblioth\u00e8que chez Charlot\u00a0\u00bb<\/span><\/em><\/span><\/h4>\n<p><a href=\"https:\/\/i2.wp.com\/chalezeule.fr\/wp-content\/uploads\/2017\/10\/IMG_4696-e1508337808146.jpg\"><img data-attachment-id=\"1464\" data-permalink=\"https:\/\/chalezeule.fr\/index.php\/2017\/10\/18\/voyage-a-vevey-30092017\/img_4696\/\" data-orig-file=\"https:\/\/i2.wp.com\/chalezeule.fr\/wp-content\/uploads\/2017\/10\/IMG_4696-e1508337808146.jpg?fit=2304%2C3456&amp;ssl=1\" data-orig-size=\"2304,3456\" data-comments-opened=\"0\" data-image-meta=\"{&quot;aperture&quot;:&quot;4&quot;,&quot;credit&quot;:&quot;&quot;,&quot;camera&quot;:&quot;Canon EOS 1300D&quot;,&quot;caption&quot;:&quot;&quot;,&quot;created_timestamp&quot;:&quot;1506767607&quot;,&quot;copyright&quot;:&quot;&quot;,&quot;focal_length&quot;:&quot;28&quot;,&quot;iso&quot;:&quot;1000&quot;,&quot;shutter_speed&quot;:&quot;0.025&quot;,&quot;title&quot;:&quot;&quot;,&quot;orientation&quot;:&quot;6&quot;}\" data-image-title=\"IMG_4696\" data-image-description=\"\" data-medium-file=\"https:\/\/i2.wp.com\/chalezeule.fr\/wp-content\/uploads\/2017\/10\/IMG_4696-e1508337808146.jpg?fit=200%2C300&amp;ssl=1\" data-large-file=\"https:\/\/i2.wp.com\/chalezeule.fr\/wp-content\/uploads\/2017\/10\/IMG_4696-e1508337808146.jpg?fit=683%2C1024&amp;ssl=1\" loading=\"lazy\" class=\"size-medium wp-image-1464 alignleft\" src=\"https:\/\/i0.wp.com\/chalezeule.fr\/wp-content\/uploads\/2017\/10\/IMG_4696-e1508337808146-200x300.jpg?resize=200%2C300\" alt=\"\" srcset=\"https:\/\/i2.wp.com\/chalezeule.fr\/wp-content\/uploads\/2017\/10\/IMG_4696-e1508337808146.jpg?resize=200%2C300&amp;ssl=1 200w, https:\/\/i2.wp.com\/chalezeule.fr\/wp-content\/uploads\/2017\/10\/IMG_4696-e1508337808146.jpg?resize=768%2C1152&amp;ssl=1 768w, https:\/\/i2.wp.com\/chalezeule.fr\/wp-content\/uploads\/2017\/10\/IMG_4696-e1508337808146.jpg?resize=683%2C1024&amp;ssl=1 683w, https:\/\/i2.wp.com\/chalezeule.fr\/wp-content\/uploads\/2017\/10\/IMG_4696-e1508337808146.jpg?resize=830%2C1245&amp;ssl=1 830w, https:\/\/i2.wp.com\/chalezeule.fr\/wp-content\/uploads\/2017\/10\/IMG_4696-e1508337808146.jpg?resize=230%2C345&amp;ssl=1 230w, https:\/\/i2.wp.com\/chalezeule.fr\/wp-content\/uploads\/2017\/10\/IMG_4696-e1508337808146.jpg?resize=350%2C525&amp;ssl=1 350w, https:\/\/i2.wp.com\/chalezeule.fr\/wp-content\/uploads\/2017\/10\/IMG_4696-e1508337808146.jpg?resize=480%2C720&amp;ssl=1 480w\" sizes=\"(max-width: 200px) 100vw, 200px\" data-recalc-dims=\"1\" \/><\/a><\/p>\n<p>Samedi 30 septembre les 51 participants \u00a0sont partis \u00e0 Corsier sur Vevey, au manoir de Ban, r\u00e9sidence de Charlie Chaplin<\/p>\n<p>Pendant 1h30, le groupe s\u2019est immerg\u00e9 dans la vie et l\u2019\u0153uvre de ce g\u00e9nie pr\u00e9curseur du cin\u00e9ma moderne. Deux jeunes guides passionn\u00e9s de cin\u00e9ma ont su nous tenir en haleine dans un studio parfaitement reconstituer avec un m\u00e9lange de personnages en cire, des extraits de film, de la musique et des d\u00e9cors extraordinaires<\/p>\n<p>Ensuite, nous avons pu retrouver l\u2019intimit\u00e9 de la famille Chaplin dans leur tr\u00e8s beau manoir devenu mus\u00e9e et plant\u00e9 dans un parc aux arbres tricentaires<\/p>\n<p>La journ\u00e9e s\u2019est poursuivie pour les uns au mus\u00e9e de l\u2019Hermitage avec une tr\u00e8s belle collection d\u2019impressionnistes, pour les autres en balade dans les rues typiques du vieux Lausanne ou encore au mus\u00e9e de l\u2019Olympisme<\/p>\n<p>Apr\u00e8s cette journ\u00e9e bien remplie, nous avons partag\u00e9 un moment de convivialit\u00e9 \u00e0 l\u2019auberge de Chalezeule avant de nous s\u00e9parer<\/p>\n<p>&nbsp;<\/p>\n<p>Merci \u00e0 tous les participants, toujours gais et pleins d\u2019entrain d\u2019avoir contribuer \u00e0 la r\u00e9ussite de ce voyage<\/p>\n<p>&nbsp;<\/p>\n<p style=\"text-align: center;\"><a href=\"http:\/\/chalezeule.fr\/wp-content\/uploads\/2017\/10\/IMG_4696-e1508337808146.jpg\"><em><img data-attachment-id=\"1465\" data-permalink=\"https:\/\/chalezeule.fr\/index.php\/2017\/10\/18\/voyage-a-vevey-30092017\/img_4697\/\" data-orig-file=\"https:\/\/i2.wp.com\/chalezeule.fr\/wp-content\/uploads\/2017\/10\/IMG_4697.jpg?fit=3456%2C2304&amp;ssl=1\" data-orig-size=\"3456,2304\" data-comments-opened=\"0\" data-image-meta=\"{&quot;aperture&quot;:&quot;8&quot;,&quot;credit&quot;:&quot;&quot;,&quot;camera&quot;:&quot;Canon EOS 1300D&quot;,&quot;caption&quot;:&quot;&quot;,&quot;created_timestamp&quot;:&quot;1506767772&quot;,&quot;copyright&quot;:&quot;&quot;,&quot;focal_length&quot;:&quot;18&quot;,&quot;iso&quot;:&quot;100&quot;,&quot;shutter_speed&quot;:&quot;0.005&quot;,&quot;title&quot;:&quot;&quot;,&quot;orientation&quot;:&quot;1&quot;}\" data-image-title=\"IMG_4697\" data-image-description=\"\" data-medium-file=\"https:\/\/i2.wp.com\/chalezeule.fr\/wp-content\/uploads\/2017\/10\/IMG_4697.jpg?fit=300%2C200&amp;ssl=1\" data-large-file=\"https:\/\/i2.wp.com\/chalezeule.fr\/wp-content\/uploads\/2017\/10\/IMG_4697.jpg?fit=1024%2C683&amp;ssl=1\" loading=\"lazy\" class=\"size-medium wp-image-1465 alignleft\" src=\"https:\/\/i2.wp.com\/chalezeule.fr\/wp-content\/uploads\/2017\/10\/IMG_4697.jpg?resize=300%2C200\" alt=\"\" srcset=\"https:\/\/i2.wp.com\/chalezeule.fr\/wp-content\/uploads\/2017\/10\/IMG_4697.jpg?resize=300%2C200&amp;ssl=1 300w, https:\/\/i2.wp.com\/chalezeule.fr\/wp-content\/uploads\/2017\/10\/IMG_4697.jpg?resize=768%2C512&amp;ssl=1 768w, https:\/\/i2.wp.com\/chalezeule.fr\/wp-content\/uploads\/2017\/10\/IMG_4697.jpg?resize=1024%2C683&amp;ssl=1 1024w, https:\/\/i2.wp.com\/chalezeule.fr\/wp-content\/uploads\/2017\/10\/IMG_4697.jpg?resize=830%2C553&amp;ssl=1 830w, https:\/\/i2.wp.com\/chalezeule.fr\/wp-content\/uploads\/2017\/10\/IMG_4697.jpg?resize=230%2C153&amp;ssl=1 230w, https:\/\/i2.wp.com\/chalezeule.fr\/wp-content\/uploads\/2017\/10\/IMG_4697.jpg?resize=350%2C233&amp;ssl=1 350w, https:\/\/i2.wp.com\/chalezeule.fr\/wp-content\/uploads\/2017\/10\/IMG_4697.jpg?resize=480%2C320&amp;ssl=1 480w, https:\/\/i2.wp.com\/chalezeule.fr\/wp-content\/uploads\/2017\/10\/IMG_4697.jpg?w=2340 2340w\" sizes=\"(max-width: 300px) 100vw, 300px\" data-recalc-dims=\"1\" \/><span style=\"color: #7fc400;\">&#8220;Quelques photos du mus\u00e9e Chaplin <\/span><\/em><\/a><span style=\"color: #7fc400;\"><em><a href=\"https:\/\/i1.wp.com\/chalezeule.fr\/wp-content\/uploads\/2017\/10\/IMG_4661.jpg\"><img data-attachment-id=\"1463\" data-permalink=\"https:\/\/chalezeule.fr\/index.php\/2017\/10\/18\/voyage-a-vevey-30092017\/img_4661\/\" data-orig-file=\"https:\/\/i1.wp.com\/chalezeule.fr\/wp-content\/uploads\/2017\/10\/IMG_4661.jpg?fit=3456%2C2304&amp;ssl=1\" data-orig-size=\"3456,2304\" data-comments-opened=\"0\" data-image-meta=\"{&quot;aperture&quot;:&quot;4&quot;,&quot;credit&quot;:&quot;&quot;,&quot;camera&quot;:&quot;Canon EOS 1300D&quot;,&quot;caption&quot;:&quot;&quot;,&quot;created_timestamp&quot;:&quot;1506764780&quot;,&quot;copyright&quot;:&quot;&quot;,&quot;focal_length&quot;:&quot;18&quot;,&quot;iso&quot;:&quot;800&quot;,&quot;shutter_speed&quot;:&quot;0.016666666666667&quot;,&quot;title&quot;:&quot;&quot;,&quot;orientation&quot;:&quot;1&quot;}\" data-image-title=\"IMG_4661\" data-image-description=\"\" data-medium-file=\"https:\/\/i1.wp.com\/chalezeule.fr\/wp-content\/uploads\/2017\/10\/IMG_4661.jpg?fit=300%2C200&amp;ssl=1\" data-large-file=\"https:\/\/i1.wp.com\/chalezeule.fr\/wp-content\/uploads\/2017\/10\/IMG_4661.jpg?fit=1024%2C683&amp;ssl=1\" loading=\"lazy\" class=\"size-medium wp-image-1463 alignright\" src=\"https:\/\/i1.wp.com\/chalezeule.fr\/wp-content\/uploads\/2017\/10\/IMG_4661.jpg?resize=300%2C200\" alt=\"\" srcset=\"https:\/\/i1.wp.com\/chalezeule.fr\/wp-content\/uploads\/2017\/10\/IMG_4661.jpg?resize=300%2C200&amp;ssl=1 300w, https:\/\/i1.wp.com\/chalezeule.fr\/wp-content\/uploads\/2017\/10\/IMG_4661.jpg?resize=768%2C512&amp;ssl=1 768w, https:\/\/i1.wp.com\/chalezeule.fr\/wp-content\/uploads\/2017\/10\/IMG_4661.jpg?resize=1024%2C683&amp;ssl=1 1024w, https:\/\/i1.wp.com\/chalezeule.fr\/wp-content\/uploads\/2017\/10\/IMG_4661.jpg?resize=830%2C553&amp;ssl=1 830w, https:\/\/i1.wp.com\/chalezeule.fr\/wp-content\/uploads\/2017\/10\/IMG_4661.jpg?resize=230%2C153&amp;ssl=1 230w, https:\/\/i1.wp.com\/chalezeule.fr\/wp-content\/uploads\/2017\/10\/IMG_4661.jpg?resize=350%2C233&amp;ssl=1 350w, https:\/\/i1.wp.com\/chalezeule.fr\/wp-content\/uploads\/2017\/10\/IMG_4661.jpg?resize=480%2C320&amp;ssl=1 480w, https:\/\/i1.wp.com\/chalezeule.fr\/wp-content\/uploads\/2017\/10\/IMG_4661.jpg?w=2340 2340w\" sizes=\"(max-width: 300px) 100vw, 300px\" data-recalc-dims=\"1\" \/><\/a>et de la ville de Lausanne&#8221;<\/em><\/span><a href=\"http:\/\/chalezeule.fr\/wp-content\/uploads\/2017\/10\/IMG_4696-e1508337808146.jpg\"><br \/>\n<\/a><img data-attachment-id=\"1466\" data-permalink=\"https:\/\/chalezeule.fr\/index.php\/2017\/10\/18\/voyage-a-vevey-30092017\/img_4731\/\" data-orig-file=\"https:\/\/i2.wp.com\/chalezeule.fr\/wp-content\/uploads\/2017\/10\/IMG_4731-e1508337851510.jpg?fit=2304%2C3456&amp;ssl=1\" data-orig-size=\"2304,3456\" data-comments-opened=\"0\" data-image-meta=\"{&quot;aperture&quot;:&quot;5.6&quot;,&quot;credit&quot;:&quot;&quot;,&quot;camera&quot;:&quot;Canon EOS 1300D&quot;,&quot;caption&quot;:&quot;&quot;,&quot;created_timestamp&quot;:&quot;1506781532&quot;,&quot;copyright&quot;:&quot;&quot;,&quot;focal_length&quot;:&quot;55&quot;,&quot;iso&quot;:&quot;100&quot;,&quot;shutter_speed&quot;:&quot;0.01&quot;,&quot;title&quot;:&quot;&quot;,&quot;orientation&quot;:&quot;6&quot;}\" data-image-title=\"IMG_4731\" data-image-description=\"\" data-medium-file=\"https:\/\/i2.wp.com\/chalezeule.fr\/wp-content\/uploads\/2017\/10\/IMG_4731-e1508337851510.jpg?fit=200%2C300&amp;ssl=1\" data-large-file=\"https:\/\/i2.wp.com\/chalezeule.fr\/wp-content\/uploads\/2017\/10\/IMG_4731-e1508337851510.jpg?fit=683%2C1024&amp;ssl=1\" loading=\"lazy\" class=\"wp-image-1466 aligncenter\" src=\"https:\/\/i0.wp.com\/chalezeule.fr\/wp-content\/uploads\/2017\/10\/IMG_4731-e1508337851510-200x300.jpg?resize=189%2C284\" alt=\"\" srcset=\"https:\/\/i2.wp.com\/chalezeule.fr\/wp-content\/uploads\/2017\/10\/IMG_4731-e1508337851510.jpg?resize=200%2C300&amp;ssl=1 200w, https:\/\/i2.wp.com\/chalezeule.fr\/wp-content\/uploads\/2017\/10\/IMG_4731-e1508337851510.jpg?resize=768%2C1152&amp;ssl=1 768w, https:\/\/i2.wp.com\/chalezeule.fr\/wp-content\/uploads\/2017\/10\/IMG_4731-e1508337851510.jpg?resize=683%2C1024&amp;ssl=1 683w, https:\/\/i2.wp.com\/chalezeule.fr\/wp-content\/uploads\/2017\/10\/IMG_4731-e1508337851510.jpg?resize=830%2C1245&amp;ssl=1 830w, https:\/\/i2.wp.com\/chalezeule.fr\/wp-content\/uploads\/2017\/10\/IMG_4731-e1508337851510.jpg?resize=230%2C345&amp;ssl=1 230w, https:\/\/i2.wp.com\/chalezeule.fr\/wp-content\/uploads\/2017\/10\/IMG_4731-e1508337851510.jpg?resize=350%2C525&amp;ssl=1 350w, https:\/\/i2.wp.com\/chalezeule.fr\/wp-content\/uploads\/2017\/10\/IMG_4731-e1508337851510.jpg?resize=480%2C720&amp;ssl=1 480w\" sizes=\"(max-width: 189px) 100vw, 189px\" data-recalc-dims=\"1\" \/><\/p>\n","protected":false},"excerpt":{"rendered":"<p>Les \u00ab\u00a0amis de la biblioth\u00e8que chez Charlot\u00a0\u00bb Samedi 30 septembre les 51 participants \u00a0sont partis \u00e0 Corsier sur Vevey, au manoir de Ban, r\u00e9sidence de Charlie Chaplin Pendant 1h30, le groupe s\u2019est immerg\u00e9 dans la vie et l\u2019\u0153uvre de ce g\u00e9nie pr\u00e9curseur du cin\u00e9ma moderne. Deux jeunes guides passionn\u00e9s de cin\u00e9ma ont su nous tenir [&hellip;]<\/p>\n","protected":false},"author":1,"featured_media":0,"comment_status":"closed","ping_status":"open","sticky":false,"template":"","format":"standard","meta":[],"categories":[39],"tags":[],"jetpack-related-posts":[],"_links":{"self":[{"href":"https:\/\/chalezeule.fr\/index.php\/wp-json\/wp\/v2\/posts\/1462"}],"collection":[{"href":"https:\/\/chalezeule.fr\/index.php\/wp-json\/wp\/v2\/posts"}],"about":[{"href":"https:\/\/chalezeule.fr\/index.php\/wp-json\/wp\/v2\/types\/post"}],"author":[{"embeddable":true,"href":"https:\/\/chalezeule.fr\/index.php\/wp-json\/wp\/v2\/users\/1"}],"replies":[{"embeddable":true,"href":"https:\/\/chalezeule.fr\/index.php\/wp-json\/wp\/v2\/comments?post=1462"}],"version-history":[{"count":4,"href":"https:\/\/chalezeule.fr\/index.php\/wp-json\/wp\/v2\/posts\/1462\/revisions"}],"predecessor-version":[{"id":1473,"href":"https:\/\/chalezeule.fr\/index.php\/wp-json\/wp\/v2\/posts\/1462\/revisions\/1473"}],"wp:attachment":[{"href":"https:\/\/chalezeule.fr\/index.php\/wp-json\/wp\/v2\/media?parent=1462"}],"wp:term":[{"taxonomy":"category","embeddable":true,"href":"https:\/\/chalezeule.fr\/index.php\/wp-json\/wp\/v2\/categories?post=1462"},{"taxonomy":"post_tag","embeddable":true,"href":"https:\/\/chalezeule.fr\/index.php\/wp-json\/wp\/v2\/tags?post=1462"}],"curies":[{"name":"wp","href":"https:\/\/api.w.org\/{rel}","templated":true}]}}